{"id":32331,"date":"2023-05-07T09:20:00","date_gmt":"2023-05-07T07:20:00","guid":{"rendered":"https:\/\/terranticavitanova.it\/?p=32331"},"modified":"2025-03-07T18:44:25","modified_gmt":"2025-03-07T17:44:25","slug":"la-calendula-coltivazione-e-proprieta","status":"publish","type":"post","link":"https:\/\/terranticavitanova.it\/index.php\/2023\/05\/07\/la-calendula-coltivazione-e-proprieta\/","title":{"rendered":"ARTICOLO OSPITE-La Calendula: coltivazione e propriet\u00e0"},"content":{"rendered":"\n<h2 class=\"wp-block-heading has-text-align-center\"><strong>Ospitiamo un nuovo articolo dei nostri colleghi blogger bio: www.ortodacoltivare.it<\/strong><\/h2>\n\n\n<div class=\"wp-block-image\">\n<figure class=\"aligncenter size-full\"><img loading=\"lazy\" decoding=\"async\" width=\"814\" height=\"421\" src=\"https:\/\/terranticavitanova.it\/wp-content\/uploads\/2022\/11\/Te-an-vi-no-amici-1.jpg\" alt=\"\" class=\"wp-image-32332\" srcset=\"https:\/\/terranticavitanova.it\/wp-content\/uploads\/2022\/11\/Te-an-vi-no-amici-1.jpg 814w, https:\/\/terranticavitanova.it\/wp-content\/uploads\/2022\/11\/Te-an-vi-no-amici-1-300x155.jpg 300w, https:\/\/terranticavitanova.it\/wp-content\/uploads\/2022\/11\/Te-an-vi-no-amici-1-768x397.jpg 768w, https:\/\/terranticavitanova.it\/wp-content\/uploads\/2022\/11\/Te-an-vi-no-amici-1-380x197.jpg 380w\" sizes=\"auto, (max-width: 814px) 100vw, 814px\" \/><figcaption class=\"wp-element-caption\">Terra Antica Vita Nova-articolo blogger ospite sulla Calendula<\/figcaption><\/figure>\n<\/div>\n\n\n<h3 class=\"wp-block-heading has-text-align-center\"><strong>Link: <a href=\"https:\/\/www.ortodacoltivare.it\/fiori\/calendula.html\">https:\/\/www.ortodacoltivare.it\/fiori\/calendula.html<\/a><\/strong><br><br><\/h3>\n\n\n\n<p><strong>Articolo pubblicato su <a href=\"http:\/\/www.ortodacoltivare.it\">www.ortodacoltivare.it<\/a><\/strong><br><br><\/p>\n\n\n\n<h3 class=\"wp-block-heading\"><strong>Il fiore della Calendula<\/strong><\/h3>\n\n\n\n<p>La<strong>&nbsp;calendula<\/strong>&nbsp;\u00e8 un bellissimo fiore e anche una pianta davvero molto semplice da coltivare.<\/p>\n\n\n\n<p>Metterla tra gli ortaggi pu\u00f2 essere doppiamente vantaggioso: il fiore ha l\u2019effetto di&nbsp;<strong>attrarre api<\/strong>&nbsp;e altri insetti utili, la pianta di calendula ha straordinarie&nbsp;<strong>propriet\u00e0 officinali<\/strong>.<\/p>\n\n\n\n<p>L<a href=\"https:\/\/it.wikipedia.org\/wiki\/Calendula\">a&nbsp;<em>calendula officinalis<\/em><\/a>&nbsp;si usa da sempre nel campo della medicina naturale e della cosmesi, ma non solo: i suoi petali commestibili si possono mangiare in insalata. Si tratta insieme a tagete e borragine&nbsp;di uno dei pi\u00f9 diffusi fiori da mettere nell&#8217;orto. <\/p>\n\n\n\n<h3 class=\"wp-block-heading\"><strong>La famiglia della Calendula<\/strong><\/h3>\n\n\n\n<p>La pianta di calendula appartiene alla famiglia delle composite o asteracee, si caratterizza per<strong>&nbsp;un\u2019infiorescenza a capolino dal vivace colore tra il giallo e l\u2019arancio<\/strong>&nbsp;a seconda della variet\u00e0.<strong>&nbsp;<\/strong><\/p>\n\n\n<div class=\"wp-block-image is-style-rounded\">\n<figure class=\"alignleft size-full is-resized\"><img loading=\"lazy\" decoding=\"async\" width=\"442\" height=\"315\" src=\"https:\/\/terranticavitanova.it\/wp-content\/uploads\/2022\/11\/18.jpg\" alt=\"\" class=\"wp-image-32380\" style=\"width:249px;height:177px\" srcset=\"https:\/\/terranticavitanova.it\/wp-content\/uploads\/2022\/11\/18.jpg 442w, https:\/\/terranticavitanova.it\/wp-content\/uploads\/2022\/11\/18-300x214.jpg 300w, https:\/\/terranticavitanova.it\/wp-content\/uploads\/2022\/11\/18-380x271.jpg 380w\" sizes=\"auto, (max-width: 442px) 100vw, 442px\" \/><figcaption class=\"wp-element-caption\">blogger ospite articolo sulla Calendula-foto Wikipedia<\/figcaption><\/figure>\n<\/div>\n\n\n<p>Il fusto della pianta raggiunge i 50 cm di altezza,<strong>&nbsp;fiorisce a partire dalla fine della primavera fino all\u2019autunno<\/strong>. Esistono una trentina di specie di calendula, ricordiamo la&nbsp;<em>calendula officinalis<\/em>&nbsp;che \u00e8 la pi\u00f9 diffusa nelle coltivazioni, nota anche come calendola o fiorarancio, e la<em>&nbsp;calendula arvensis<\/em>&nbsp;che troviamo spontanea nei prati.<\/p>\n\n\n\n<h3 class=\"wp-block-heading\"><strong>La biodiversit\u00e0 nel nostro orto o giardino<\/strong><\/h3>\n\n\n\n<p><\/p>\n\n\n\n<p><strong>Possiamo coltivarla nel nostro orto sia per i fiori<\/strong>, belli e dalle molte propriet\u00e0,&nbsp;<strong>che per arricchire l\u2019ambiente con una maggior biodiversit\u00e0,&nbsp;<\/strong>abbiamo gi\u00e0 raccontato<a href=\"https:\/\/www.ortodacoltivare.it\/coltivare\/biodiversita.html\"><strong>&nbsp;come mai la biodiversit\u00e0 \u00e8 importante<\/strong><\/a>&nbsp;per la coltivazione biologica.<\/p>\n\n\n\n<p><\/p>\n\n\n\n<h3 class=\"wp-block-heading\"><strong>Seminare calendula officinalis<\/strong><\/h3>\n\n\n\n<p><strong>La semina.<\/strong>&nbsp;<br>Questo fiore in genere&nbsp;<strong>si semina in semenzaio a marzo<\/strong>, bisogna tenere conto che i semi germinano con temperature di almeno 15 gradi, in primavera inoltrata si potr\u00e0 trapiantare la calendula nell\u2019orto. <br>Volendo seminare invece direttamente a dimora possiamo farlo a partire da aprile. Non \u00e8 difficile far germinare la&nbsp;<em>calendula officinalis,<\/em>&nbsp;si tratta di una pianta<strong>in grado di propagarsi anche da sola,<\/strong>&nbsp;riseminandosi. <br>Per questo se si mette in aiuole a lei dedicate possiamo lasciarla, probabilmente in modo naturale produrr\u00e0 semi che manterranno la specie presente da un anno all\u2019altro. Anche le bordure dell\u2019orto sono un ottimo posto dove disseminare a spaglio questo fiore.<\/p>\n\n\n\n<p><strong><a href=\"https:\/\/it.wikipedia.org\/wiki\/Sesto_d%27impianto\">Sesto d&#8217;impianto<\/a><\/strong><br>Non si tratta di un fiorellino di piccole dimensioni: la pianta di calendula arriva a mezzo metro di altezza, nel progettare l\u2019orto dobbiamo tenerne conto. Per questo quando si trapianta \u00e8 meglio lasciare una discreta distanza, calcoliamo<strong>&nbsp;circa 30 cm tra una pianta e l\u2019altra<\/strong>. <br>Chi non coltiva la calendula per raccogliere i fiori ma vuole semplicemente arricchire l\u2019orto di biodiversit\u00e0 pu\u00f2 invece disseminare le piantine in mezzo alle altre colture o seminarle a spaglio nei bordi e nelle aree incolte.<\/p>\n\n\n\n<h3 class=\"wp-block-heading\"><strong>Come si coltiva la calendula<\/strong><\/h3>\n\n\n\n<p>Come anticipavo si tratta di un fiore semplice da coltivare, tanto che disseminando a spaglio la semente pu\u00f2 crescere anche da sola. Se la coltivazione ha scopo di ottenere un raccolto vale la pena comunque avere alcune accortezze, che permettono di migliorare la produzione di fiori.<\/p>\n\n\n\n<p><strong>Clima<\/strong>. <br>La calendula nell\u2019orto ama stare al sole e non teme il calore estivo, se non accompagnato da siccit\u00e0.<\/p>\n\n\n\n<p><a href=\"https:\/\/terranticavitanova.it\/index.php\/2021\/06\/27\/struttura-del-suolo-uso-di-argilla-e-o-sabbia\/\"><strong>Terreno adatto.<\/strong>&nbsp;<\/a><br>Questa pianta composita \u00e8 adattabile, preferisce terreni abbastanza sciolti e viene danneggiata dai ristagni idrici.<\/p>\n\n\n\n<p><a href=\"https:\/\/terranticavitanova.it\/index.php\/2020\/05\/15\/compost-humus-creato-dalluomo\/\"><strong>Concimazione<\/strong>. <\/a><br>Anche se la calendula non \u00e8 un fiore particolarmente esigente dal punto di vista delle sostanze nutritive beneficia della presenza di sostanza organica nel suolo, per questo ben venga un apporto di compost prima della semina. Durante la fioritura si pu\u00f2 concimare per non far mancare elementi alla pianta. La raccomandazione \u00e8 di non esagerare con l\u2019azoto, che sostiene lo sviluppo delle foglie a discapito dei fiori.<\/p>\n\n\n\n<p><strong>Irrigazione<\/strong>. <br>La pianta deve essere innaffiata regolarmente, anche se non ama grandi quantit\u00e0 di acqua, quindi meglio bagnare spesso e poco.<\/p>\n\n\n\n<h3 class=\"wp-block-heading\"><strong>Un piccolo consiglio<\/strong><\/h3>\n\n\n\n<p><strong>Eliminare i capolini sfioriti<\/strong>. <br>Dopo la fioritura i capolini si reclinano. Se vogliamo stimolare la pianta nella produzione di boccioli possiamo eliminare questi capolini che sfioriscono. In questo modo ci saranno sempre un maggior numero di fiori. <br>Visto che il fiore produce il seme possiamo gettare il capolino sfiorito nelle bordure dell\u2019orto, sperando che qualche semino riesca a germinare formando piante spontanee di calendula l\u2019anno successivo.<\/p>\n\n\n\n<h3 class=\"wp-block-heading\"><strong>Utilit\u00e0 del fiore nell\u2019orto<\/strong><\/h3>\n\n\n\n<p>La calendula \u00e8 un&nbsp;<strong>fiore molto utile per l\u2019orto<\/strong>, da pi\u00f9 punti di vista. <a href=\"https:\/\/terranticavitanova.it\/index.php\/2020\/10\/11\/animali-buoni-o-cattivi-nel-nostro-orto-giardino\/\">Attira insetti impollinatori <\/a>come api e vespe, il suo apparato radicale allontana i vermi nematodi dal terreno in modo naturale. <br>Per queste sue caratteristiche \u00e8 un buon vicino per gli ortaggi da frutto (ad esempio cetriolo, zucca e zucchina).<\/p>\n\n\n\n<h3 class=\"wp-block-heading\"><strong>Caratteristiche positive <\/strong><\/h3>\n\n\n\n<p>Riepilogando ecco le varie caratteristiche positive di questo fiore.<\/p>\n\n\n\n<ul class=\"wp-block-list\">\n<li><strong>Attira gli insetti impollinatori<\/strong>, come api e bombi, che sono interessati al nettare del fiore e che sono importantissimi perch\u00e9 le piante da orto producano frutto.<\/li>\n\n\n\n<li><strong>Scaccia i nematodi dalla terra.&nbsp;<\/strong>L\u2019esudato radicale della calendula \u00e8 sgradito a questo parassita terricolo.<\/li>\n\n\n\n<li><strong>Ha petali commestibili.<\/strong>&nbsp;I petali dei fiori possono essere mangiati nelle insalate o anche fare canditi.<\/li>\n\n\n\n<li><strong>Ha boccioli commestibili.<\/strong>&nbsp;I boccioli di calendula, come quelli del tarassaco, possono conservare sottaceto).<\/li>\n\n\n\n<li><strong>Ha virt\u00f9 officinali<\/strong>. La calendula ha notevoli propriet\u00e0 antinfiammatorie, \u00e8 preziosa per uso cosmetico e soprattutto idratante, per questo si usa molto nelle creme per la pelle.<\/li>\n<\/ul>\n\n\n\n<h3 class=\"wp-block-heading\"><strong>Quali sono ottimi vicini per la calendula nelle consociazioni?&nbsp;<\/strong><\/h3>\n\n\n\n<p>Zucca, zucchina, cetriolo, pomodoro, peperone, melanzana, piselli, fagioli, fagiolini.<\/p>\n\n\n\n<h3 class=\"wp-block-heading\"><strong>Gli utilizzi della calendula<\/strong><\/h3>\n\n\n\n<p>La calendula, in particolare il suo fiore, si pu\u00f2 utilizzare in molti modi. Le due categorie di utilizzo sono l\u2019impiego officinale e cosmetico, che sfrutta le propriet\u00e0, e l\u2019utilizzo culinario, dove i petali arancioni danno coreografia ai piatti.<\/p>\n\n\n\n<p><strong>Usi officinali<\/strong>. <br>La calendula ha propriet\u00e0 ornamentali ma anche virt\u00f9 medicinali di rilievo: \u00e8 un antinfiammatorio, cicatrizzante e disinfettante. Il fiore viene usato da secoli nella medicina naturale.<\/p>\n\n\n\n<p><strong>Utilizzo cosmetico<\/strong>. <br>Questa pianta viene usata anche in cosmesi, come idratante e astringente, impiegando i fiori della calendula si possono realizzare ottime creme naturali per le mani o per lenire le scottature.<\/p>\n\n\n<div class=\"wp-block-image\">\n<figure class=\"aligncenter size-full is-resized\"><img loading=\"lazy\" decoding=\"async\" width=\"771\" height=\"532\" src=\"https:\/\/terranticavitanova.it\/wp-content\/uploads\/2022\/11\/31.jpg\" alt=\"\" class=\"wp-image-32668\" style=\"width:521px;height:359px\" srcset=\"https:\/\/terranticavitanova.it\/wp-content\/uploads\/2022\/11\/31.jpg 771w, https:\/\/terranticavitanova.it\/wp-content\/uploads\/2022\/11\/31-300x207.jpg 300w, https:\/\/terranticavitanova.it\/wp-content\/uploads\/2022\/11\/31-768x530.jpg 768w, https:\/\/terranticavitanova.it\/wp-content\/uploads\/2022\/11\/31-380x262.jpg 380w\" sizes=\"auto, (max-width: 771px) 100vw, 771px\" \/><figcaption class=\"wp-element-caption\">blogger ospite articolo sulla Calendula<\/figcaption><\/figure>\n<\/div>\n\n\n<h3 class=\"wp-block-heading\"><strong>La calendula in cucina<\/strong><\/h3>\n\n\n\n<p>Anche se la calendula non ha il sapore particolare del tarassaco \u00e8 un fiore commestibile che ha comunque diversi utilizzi culinari.<\/p>\n\n\n\n<p>I fiori si utilizzano mettendo&nbsp;<strong>le foglie giovani e i petali freschi direttamente in insalata<\/strong>&nbsp;o per guarnire piatti di ogni tipo, in alternativa essiccando i petali si possono fare&nbsp;<strong>decotti<\/strong>&nbsp;o infusi. I&nbsp;<strong>boccioli<\/strong>&nbsp;possono essere utilizzati nei sottaceti, l\u2019effetto \u00e8 simile al cappero anche se senza il gusto aromatico della pianta mediterranea. I petali essiccati si possono anche fare&nbsp;<strong>canditi<\/strong>, se vogliamo usare la calendula nei dolci.<\/p>\n\n\n\n<p><em>Matteo Cereda<\/em><\/p>\n\n\n\n<p><br><\/p>\n\n\n\n<p><br><br><em>Per conoscere altri articoli di questo blogger, visitate il sito <a href=\"https:\/\/www.ortodacoltivare.it\/\">www.ortodacoltivare.it<\/a><br>dove potete trovare utili calendari di semina o lavori da fare nell\u2019orto, approfondimenti su come coltivare determinati tipi di ortaggi, erbe aromatiche o alberi da frutto, consigli e curiosit\u00e0 sul mondo dell\u2019orto biologico!<\/em><br><br><br><br><\/p>\n\n\n\n<p><br><br>Seguite il nostro sito:&nbsp;<a href=\"https:\/\/terranticavitanova.it\/\">https:\/\/terranticavitanova.it\/<\/a><br>dove spieghiamo la<a href=\"https:\/\/terranticavitanova.it\/index.php\/chi-siamo\/\">&nbsp;nostra storia&nbsp;<\/a>e<br>potete trovare la pagina dei&nbsp;<a href=\"https:\/\/terranticavitanova.it\/index.php\/corsi-orti-coltivazione-bio\/\">Corsi<\/a>&nbsp;ed il loro&nbsp;<a href=\"https:\/\/terranticavitanova.it\/index.php\/documenti\/\">programmi,<\/a>&nbsp;la&nbsp;<a href=\"https:\/\/terranticavitanova.it\/index.php\/galleria\/\">Galleria delle Foto<\/a>&nbsp;ed i&nbsp;<a href=\"https:\/\/terranticavitanova.it\/index.php\/contatti\/\">nostri contatti,<\/a><br>o la nostra pagina Facebook:&nbsp;<a href=\"https:\/\/www.facebook.com\/terranticavitanova.it\">https:\/\/www.facebook.com\/terranticavitanova.it<\/a> <br>o seguiteci su<a href=\"https:\/\/www.instagram.com\/terranticavitanova\/\"> Instagram: @terranticavitanova.<\/a><\/p>\n\n\n\n<p>Fonte foto degli articoli: wikipedia.org, pexels.com, unsplash.com\/it, pixabay.com\/it\/<br><\/p>\n","protected":false},"excerpt":{"rendered":"<p>Ospitiamo un nuovo articolo dei nostri colleghi blogger bio: www.ortodacoltivare.it Link: https:\/\/www.ortodacoltivare.it\/fiori\/calendula.html Articolo pubblicato su www.ortodacoltivare.it Il fiore della Calendula La&nbsp;calendula&nbsp;\u00e8 un bellissimo fiore e anche una pianta davvero molto semplice da coltivare. Metterla tra gli ortaggi pu\u00f2 essere doppiamente vantaggioso: il fiore ha l\u2019effetto di&nbsp;attrarre api&nbsp;e altri insetti utili, la pianta di calendula ha [&hellip;]<\/p>\n","protected":false},"author":2,"featured_media":32447,"comment_status":"closed","ping_status":"closed","sticky":false,"template":"","format":"standard","meta":{"ngg_post_thumbnail":0,"footnotes":""},"categories":[6],"tags":[11,375,336,377,374,221,376],"class_list":["post-32331","post","type-post","status-publish","format-standard","has-post-thumbnail","hentry","category-blog","tag-biologico","tag-calendula","tag-coltivare","tag-cucina","tag-fiore","tag-orto","tag-piante-ornamentali"],"yoast_head":"<!-- This site is optimized with the Yoast SEO plugin v27.5 - https:\/\/yoast.com\/product\/yoast-seo-wordpress\/ -->\n<title>ARTICOLO OSPITE-La Calendula: coltivazione e propriet\u00e0 - Terra antica vita nova<\/title>\n<meta name=\"description\" content=\"Articolo del blogger ospite www.ortodacoltivare.it - Approfondimento sul fiore della Calendula, utile nell&#039;orto o giardino.\" \/>\n<meta name=\"robots\" content=\"index, follow, max-snippet:-1, max-image-preview:large, max-video-preview:-1\" \/>\n<link rel=\"canonical\" href=\"https:\/\/www.ortodacoltivare.it\/fiori\/calendula.html\" \/>\n<meta property=\"og:locale\" content=\"it_IT\" \/>\n<meta property=\"og:type\" content=\"article\" \/>\n<meta property=\"og:title\" content=\"ARTICOLO OSPITE-La Calendula: coltivazione e propriet\u00e0 - Terra antica vita nova\" \/>\n<meta property=\"og:description\" content=\"Articolo del blogger ospite www.ortodacoltivare.it - Approfondimento sul fiore della Calendula, utile nell&#039;orto o giardino.\" \/>\n<meta property=\"og:url\" content=\"https:\/\/www.ortodacoltivare.it\/fiori\/calendula.html\" \/>\n<meta property=\"og:site_name\" content=\"Terra antica vita nova\" \/>\n<meta property=\"article:publisher\" content=\"https:\/\/www.facebook.com\/terranticavitanova.it\" \/>\n<meta property=\"article:published_time\" content=\"2023-05-07T07:20:00+00:00\" \/>\n<meta property=\"article:modified_time\" content=\"2025-03-07T17:44:25+00:00\" \/>\n<meta property=\"og:image\" content=\"https:\/\/terranticavitanova.it\/wp-content\/uploads\/2022\/11\/Te-an-vi-no-amici-4-e1706918015244.jpg\" \/>\n\t<meta property=\"og:image:width\" content=\"747\" \/>\n\t<meta property=\"og:image:height\" content=\"420\" \/>\n\t<meta property=\"og:image:type\" content=\"image\/jpeg\" \/>\n<meta name=\"author\" content=\"Terranticavitanova\" \/>\n<meta name=\"twitter:card\" content=\"summary_large_image\" \/>\n<meta name=\"twitter:label1\" content=\"Scritto da\" \/>\n\t<meta name=\"twitter:data1\" content=\"Terranticavitanova\" \/>\n\t<meta name=\"twitter:label2\" content=\"Tempo di lettura stimato\" \/>\n\t<meta name=\"twitter:data2\" content=\"7 minuti\" \/>\n<!-- \/ Yoast SEO plugin. -->","yoast_head_json":{"title":"ARTICOLO OSPITE-La Calendula: coltivazione e propriet\u00e0 - Terra antica vita nova","description":"Articolo del blogger ospite www.ortodacoltivare.it - Approfondimento sul fiore della Calendula, utile nell'orto o giardino.","robots":{"index":"index","follow":"follow","max-snippet":"max-snippet:-1","max-image-preview":"max-image-preview:large","max-video-preview":"max-video-preview:-1"},"canonical":"https:\/\/www.ortodacoltivare.it\/fiori\/calendula.html","og_locale":"it_IT","og_type":"article","og_title":"ARTICOLO OSPITE-La Calendula: coltivazione e propriet\u00e0 - Terra antica vita nova","og_description":"Articolo del blogger ospite www.ortodacoltivare.it - Approfondimento sul fiore della Calendula, utile nell'orto o giardino.","og_url":"https:\/\/www.ortodacoltivare.it\/fiori\/calendula.html","og_site_name":"Terra antica vita nova","article_publisher":"https:\/\/www.facebook.com\/terranticavitanova.it","article_published_time":"2023-05-07T07:20:00+00:00","article_modified_time":"2025-03-07T17:44:25+00:00","og_image":[{"width":747,"height":420,"url":"https:\/\/terranticavitanova.it\/wp-content\/uploads\/2022\/11\/Te-an-vi-no-amici-4-e1706918015244.jpg","type":"image\/jpeg"}],"author":"Terranticavitanova","twitter_card":"summary_large_image","twitter_misc":{"Scritto da":"Terranticavitanova","Tempo di lettura stimato":"7 minuti"},"schema":{"@context":"https:\/\/schema.org","@graph":[{"@type":"Article","@id":"https:\/\/www.ortodacoltivare.it\/fiori\/calendula.html#article","isPartOf":{"@id":"https:\/\/terranticavitanova.it\/index.php\/2023\/05\/07\/la-calendula-coltivazione-e-proprieta\/"},"author":{"name":"Terranticavitanova","@id":"https:\/\/terranticavitanova.it\/#\/schema\/person\/106605975cbb02bf5a14eb44e97985d8"},"headline":"ARTICOLO OSPITE-La Calendula: coltivazione e propriet\u00e0","datePublished":"2023-05-07T07:20:00+00:00","dateModified":"2025-03-07T17:44:25+00:00","mainEntityOfPage":{"@id":"https:\/\/terranticavitanova.it\/index.php\/2023\/05\/07\/la-calendula-coltivazione-e-proprieta\/"},"wordCount":1250,"publisher":{"@id":"https:\/\/terranticavitanova.it\/#organization"},"image":{"@id":"https:\/\/www.ortodacoltivare.it\/fiori\/calendula.html#primaryimage"},"thumbnailUrl":"https:\/\/terranticavitanova.it\/wp-content\/uploads\/2022\/11\/Te-an-vi-no-amici-4-e1706918015244.jpg","keywords":["biologico","calendula","coltivare","cucina","fiore","orto","piante ornamentali"],"articleSection":["Blog"],"inLanguage":"it-IT"},{"@type":"WebPage","@id":"https:\/\/terranticavitanova.it\/index.php\/2023\/05\/07\/la-calendula-coltivazione-e-proprieta\/","url":"https:\/\/www.ortodacoltivare.it\/fiori\/calendula.html","name":"ARTICOLO OSPITE-La Calendula: coltivazione e propriet\u00e0 - Terra antica vita nova","isPartOf":{"@id":"https:\/\/terranticavitanova.it\/#website"},"primaryImageOfPage":{"@id":"https:\/\/www.ortodacoltivare.it\/fiori\/calendula.html#primaryimage"},"image":{"@id":"https:\/\/www.ortodacoltivare.it\/fiori\/calendula.html#primaryimage"},"thumbnailUrl":"https:\/\/terranticavitanova.it\/wp-content\/uploads\/2022\/11\/Te-an-vi-no-amici-4-e1706918015244.jpg","datePublished":"2023-05-07T07:20:00+00:00","dateModified":"2025-03-07T17:44:25+00:00","description":"Articolo del blogger ospite www.ortodacoltivare.it - Approfondimento sul fiore della Calendula, utile nell'orto o giardino.","breadcrumb":{"@id":"https:\/\/www.ortodacoltivare.it\/fiori\/calendula.html#breadcrumb"},"inLanguage":"it-IT","potentialAction":[{"@type":"ReadAction","target":["https:\/\/www.ortodacoltivare.it\/fiori\/calendula.html"]}]},{"@type":"ImageObject","inLanguage":"it-IT","@id":"https:\/\/www.ortodacoltivare.it\/fiori\/calendula.html#primaryimage","url":"https:\/\/terranticavitanova.it\/wp-content\/uploads\/2022\/11\/Te-an-vi-no-amici-4-e1706918015244.jpg","contentUrl":"https:\/\/terranticavitanova.it\/wp-content\/uploads\/2022\/11\/Te-an-vi-no-amici-4-e1706918015244.jpg","width":747,"height":420},{"@type":"BreadcrumbList","@id":"https:\/\/www.ortodacoltivare.it\/fiori\/calendula.html#breadcrumb","itemListElement":[{"@type":"ListItem","position":1,"name":"Home","item":"https:\/\/terranticavitanova.it\/"},{"@type":"ListItem","position":2,"name":"ARTICOLO OSPITE-La Calendula: coltivazione e propriet\u00e0"}]},{"@type":"WebSite","@id":"https:\/\/terranticavitanova.it\/#website","url":"https:\/\/terranticavitanova.it\/","name":"Terra antica vita nova","description":"Coltiviamo l&#039;hobby di coltivare","publisher":{"@id":"https:\/\/terranticavitanova.it\/#organization"},"potentialAction":[{"@type":"SearchAction","target":{"@type":"EntryPoint","urlTemplate":"https:\/\/terranticavitanova.it\/?s={search_term_string}"},"query-input":{"@type":"PropertyValueSpecification","valueRequired":true,"valueName":"search_term_string"}}],"inLanguage":"it-IT"},{"@type":"Organization","@id":"https:\/\/terranticavitanova.it\/#organization","name":"Terranticavitanova","url":"https:\/\/terranticavitanova.it\/","logo":{"@type":"ImageObject","inLanguage":"it-IT","@id":"https:\/\/terranticavitanova.it\/#\/schema\/logo\/image\/","url":"https:\/\/terranticavitanova.it\/wp-content\/uploads\/2018\/08\/logo.png","contentUrl":"https:\/\/terranticavitanova.it\/wp-content\/uploads\/2018\/08\/logo.png","width":300,"height":500,"caption":"Terranticavitanova"},"image":{"@id":"https:\/\/terranticavitanova.it\/#\/schema\/logo\/image\/"},"sameAs":["https:\/\/www.facebook.com\/terranticavitanova.it"]},{"@type":"Person","@id":"https:\/\/terranticavitanova.it\/#\/schema\/person\/106605975cbb02bf5a14eb44e97985d8","name":"Terranticavitanova","image":{"@type":"ImageObject","inLanguage":"it-IT","@id":"https:\/\/secure.gravatar.com\/avatar\/4c2992627de891b364b571da15291b5fe5eb87a238c0d23b3b3483fd99bfac9a?s=96&d=mm&r=g","url":"https:\/\/secure.gravatar.com\/avatar\/4c2992627de891b364b571da15291b5fe5eb87a238c0d23b3b3483fd99bfac9a?s=96&d=mm&r=g","contentUrl":"https:\/\/secure.gravatar.com\/avatar\/4c2992627de891b364b571da15291b5fe5eb87a238c0d23b3b3483fd99bfac9a?s=96&d=mm&r=g","caption":"Terranticavitanova"},"url":"https:\/\/terranticavitanova.it\/index.php\/author\/teoelara\/"}]}},"_links":{"self":[{"href":"https:\/\/terranticavitanova.it\/index.php\/wp-json\/wp\/v2\/posts\/32331","targetHints":{"allow":["GET"]}}],"collection":[{"href":"https:\/\/terranticavitanova.it\/index.php\/wp-json\/wp\/v2\/posts"}],"about":[{"href":"https:\/\/terranticavitanova.it\/index.php\/wp-json\/wp\/v2\/types\/post"}],"author":[{"embeddable":true,"href":"https:\/\/terranticavitanova.it\/index.php\/wp-json\/wp\/v2\/users\/2"}],"replies":[{"embeddable":true,"href":"https:\/\/terranticavitanova.it\/index.php\/wp-json\/wp\/v2\/comments?post=32331"}],"version-history":[{"count":20,"href":"https:\/\/terranticavitanova.it\/index.php\/wp-json\/wp\/v2\/posts\/32331\/revisions"}],"predecessor-version":[{"id":34423,"href":"https:\/\/terranticavitanova.it\/index.php\/wp-json\/wp\/v2\/posts\/32331\/revisions\/34423"}],"wp:featuredmedia":[{"embeddable":true,"href":"https:\/\/terranticavitanova.it\/index.php\/wp-json\/wp\/v2\/media\/32447"}],"wp:attachment":[{"href":"https:\/\/terranticavitanova.it\/index.php\/wp-json\/wp\/v2\/media?parent=32331"}],"wp:term":[{"taxonomy":"category","embeddable":true,"href":"https:\/\/terranticavitanova.it\/index.php\/wp-json\/wp\/v2\/categories?post=32331"},{"taxonomy":"post_tag","embeddable":true,"href":"https:\/\/terranticavitanova.it\/index.php\/wp-json\/wp\/v2\/tags?post=32331"}],"curies":[{"name":"wp","href":"https:\/\/api.w.org\/{rel}","templated":true}]}}