{"id":32094,"date":"2023-06-17T11:01:00","date_gmt":"2023-06-17T09:01:00","guid":{"rendered":"https:\/\/terranticavitanova.it\/?p=32094"},"modified":"2025-03-07T18:42:57","modified_gmt":"2025-03-07T17:42:57","slug":"emergenza-siccita-quando-la-terra-ha-sete","status":"publish","type":"post","link":"https:\/\/terranticavitanova.it\/index.php\/2023\/06\/17\/emergenza-siccita-quando-la-terra-ha-sete\/","title":{"rendered":"ARTICOLO OSPITE-Emergenza Siccit\u00e0: quando la terra ha sete"},"content":{"rendered":"\n<p><\/p>\n\n\n\n<h2 class=\"wp-block-heading has-text-align-center\"><strong>APPROFONDIMENTO<br>Ospitiamo un nuovo articolo dei nostri colleghi blogger bio:<\/strong><br><strong>  www.biorfarm.com<\/strong><\/h2>\n\n\n<div class=\"wp-block-image\">\n<figure class=\"aligncenter size-full\"><img decoding=\"async\" src=\"https:\/\/terranticavitanova.it\/wp-content\/uploads\/2022\/10\/Te-an-vi-no-amici.jpg\" alt=\"\" class=\"wp-image-32095\"\/><figcaption class=\"wp-element-caption\">Terra Antica Vita Nova- articolo blogger ospite &#8211; emergenza siccit\u00e0<\/figcaption><\/figure>\n<\/div>\n\n\n<h2 class=\"wp-block-heading has-text-align-center\"><strong>APPROFONDIMENTO SULLA RISORSA ACQUA<\/strong><\/h2>\n\n\n\n<p><strong>Nei prossimi articoli Terra Antica Vita Nova pubblicher\u00e0 approfondimenti sull&#8217;importanza dell&#8217; ACQUA per la nostra vita.<br>Speriamo che queste letture possano far meditare e incentivare un corretto comportamento di <mark class=\"kt-highlight\">uso responsabile di questa risorsa sempre pi\u00f9 scarsa e sempre pi\u00f9 fondamentale.<\/mark><br>Iniziamo ospitando un articolo di un nostro collega blogger bio, <a href=\"https:\/\/www.biorfarm.com\/\">www.biorfarm.com<\/a>.<\/strong><\/p>\n\n\n\n<p><strong><br>Come sempre, Buona Lettura a tutti!<\/strong><br><br><\/p>\n\n\n\n<h3 class=\"wp-block-heading has-text-align-center\"><em><strong><a href=\"Link: https:\/\/www.biorfarm.com\/emergenza-siccita\/\">Link:<\/a><\/strong><\/em><\/h3>\n\n\n\n<h3 class=\"wp-block-heading has-text-align-center\"><a href=\"https:\/\/www.biorfarm.com\/emergenza-siccita\/\">https:\/\/www.biorfarm.com\/emergenza-siccita\/<\/a><br><br><\/h3>\n\n\n\n<p><strong>Articolo pubblicato a Luglio 2022 su <a href=\"http:\/\/www.biorfarm.com\">www.biorfarm.com<\/a><\/strong><br><br><\/p>\n\n\n\n<h3 class=\"wp-block-heading\"><strong>Siccit\u00e0<\/strong><\/h3>\n\n\n\n<p>L\u2019 emergenza siccit\u00e0 che stiamo vivendo in questo periodo \u00e8<a href=\"https:\/\/terranticavitanova.it\/index.php\/2023\/06\/30\/h2o-una-risorsa-da-non-dar-per-scontata\/\"> l\u2019ennesimo grido di sofferenza del Pianeta<\/a><\/p>\n\n\n\n<p>In Italia non piove sufficientemente da mesi. I fiumi si abbassano. Si abbassano le falde acquifere. Le coltivazioni sono allo strenuo, i pesci muoiono nei fiumi secchi.<\/p>\n\n\n\n<p>Quella che stiamo vivendo \u00e8 la peggiore siccit\u00e0 degli ultimi 70 anni. E ci\u00f2 si ripercuote su tutto: l\u2019acqua \u00e8 la base della Vita, e senza di essa persino le alte sfere dell\u2019economia tremano.<\/p>\n\n\n<div class=\"wp-block-image is-style-rounded\">\n<figure class=\"alignleft size-large is-resized\"><img loading=\"lazy\" decoding=\"async\" width=\"1024\" height=\"569\" src=\"https:\/\/terranticavitanova.it\/wp-content\/uploads\/2022\/11\/34-1024x569.jpg\" alt=\"\" class=\"wp-image-32694\" style=\"width:287px;height:159px\" srcset=\"https:\/\/terranticavitanova.it\/wp-content\/uploads\/2022\/11\/34-1024x569.jpg 1024w, https:\/\/terranticavitanova.it\/wp-content\/uploads\/2022\/11\/34-300x167.jpg 300w, https:\/\/terranticavitanova.it\/wp-content\/uploads\/2022\/11\/34-768x427.jpg 768w, https:\/\/terranticavitanova.it\/wp-content\/uploads\/2022\/11\/34-380x211.jpg 380w, https:\/\/terranticavitanova.it\/wp-content\/uploads\/2022\/11\/34.jpg 1097w\" sizes=\"auto, (max-width: 1024px) 100vw, 1024px\" \/><figcaption class=\"wp-element-caption\">articolo blogger ospite &#8211; emergenza siccit\u00e0<\/figcaption><\/figure>\n<\/div>\n\n\n<p>In questi ultimi giorni il Consiglio dei ministri ha dichiarato lo stato di emergenza per siccit\u00e0 per pi\u00f9 regioni italiane: Emilia-Romagna, Friuli-Venezia Giulia, Lombardia, Piemonte, Veneto, ed in ultimo la Toscana. Anche l\u2019Umbria ha chiesto lo stato d\u2019emergenza.<\/p>\n\n\n\n<p>La crisi idrica \u00e8 pi\u00f9 accentuata nel Centro \u2013 Nord della penisola, ed in particolar modo nel bacino padano.<\/p>\n\n\n\n<h3 class=\"wp-block-heading\"><strong>Perch\u00e9 sta succedendo tutto questo?<\/strong><\/h3>\n\n\n\n<h4 class=\"wp-block-heading\">La <a href=\"https:\/\/it.wikipedia.org\/wiki\/Crisi_idrica\">crisi idrica<\/a> ha due cause principali.<\/h4>\n\n\n\n<p>La prima \u00e8 sicuramente la mancanza di pioggia in quest\u2019anno e le scarse precipitazioni degli ultimi tre anni. Inoltre le temperature primaverili ed estive sono state notevolmente pi\u00f9 alte della norma, e ci\u00f2 di certo non ha aiutato.<\/p>\n\n\n\n<p>Ci sono poi anche molteplici cause strutturali, quali la cattiva manutenzione dei bacini e degli invasi per la raccolta dell\u2019acqua piovana e la cattiva manutenzione della rete idrica.<\/p>\n\n\n\n<h3 class=\"wp-block-heading\"><strong>Cosa succeder\u00e0 nel futuro?<\/strong><\/h3>\n\n\n\n<p>Di certo non lo sappiamo\u2026 ma le previsioni ed i dati non sono a nostro favore.<\/p>\n\n\n\n<p>Questa siccit\u00e0 \u00e8 solo l\u2019ennesima conferma che stiamo toccando un punto di non ritorno e che tutto sta cambiando, a svantaggio dell\u2019uomo.<\/p>\n\n\n\n<p><strong>Dobbiamo capire che tutto \u00e8 collegato<\/strong>, tutto \u00e8 strettamente interconnesso sul Pianeta: non sono solo i fiumi in secca il problema\u2026 ma il Mediterraneo con temperature di quasi 5 gradi sopra la media, la Marmolada che tocca i 10 gradi, le rese agricole che per il 2022 subiranno un calo del 20%, il clima ed i terreni del Sud che vanno verso la desertificazione, le gelate primaverili che ormai stanno diventando \u201cla norma\u201d \u2026<\/p>\n\n\n\n<p>E se ci\u00f2 diventasse appunto \u201cla normalit\u00e0\u201d?!!! Una normalit\u00e0 di eventi estremi e non controllabili che ha gi\u00e0 da tempo iniziato ad avere un impatto sull\u2019agricoltura, sull\u2019economia e sul quotidiano.<\/p>\n\n\n\n<h3 class=\"wp-block-heading\"><strong>Ripercussioni nella vita quotidiana<\/strong>.<\/h3>\n\n\n\n<p>Forse riusciamo a percepire la gravit\u00e0 della situazione quando viene impattata la nostra vita quotidiana. \u00c8 quello che sta succedendo in molti comuni della Penisola, dove i sindaci hanno emesso ordinanze (valide spesso fino al 30 settembre) in cui si dispone di limitare l\u2019uso dell\u2019acqua da parte dei cittadini.<\/p>\n\n\n\n<p>Ci\u00f2 riguarda l\u2019irrigazione di orti, giardini e prati, il divieto di lavaggio di piazzali privati, il lavaggio privato di auto, il riempimento di piscine su aree private, ecc\u2026 in sostanza per i cittadini \u00e8 fatto divieto di usi dell\u2019acqua diversi da quello domestico \u2013 personale.<\/p>\n\n\n\n<p>Ho 35 anni e mai ricordo che una cosa simile sia successa. E questo mi spaventa. Ma soprattutto mi spinge a voler \u201cfare qualcosa\u201d.<\/p>\n\n\n<div class=\"wp-block-image is-style-rounded\">\n<figure class=\"aligncenter size-full is-resized\"><img loading=\"lazy\" decoding=\"async\" width=\"909\" height=\"698\" src=\"https:\/\/terranticavitanova.it\/wp-content\/uploads\/2022\/11\/15.jpg\" alt=\"\" class=\"wp-image-32351\" style=\"width:500px;height:384px\" srcset=\"https:\/\/terranticavitanova.it\/wp-content\/uploads\/2022\/11\/15.jpg 909w, https:\/\/terranticavitanova.it\/wp-content\/uploads\/2022\/11\/15-300x230.jpg 300w, https:\/\/terranticavitanova.it\/wp-content\/uploads\/2022\/11\/15-768x590.jpg 768w, https:\/\/terranticavitanova.it\/wp-content\/uploads\/2022\/11\/15-380x292.jpg 380w\" sizes=\"auto, (max-width: 909px) 100vw, 909px\" \/><figcaption class=\"wp-element-caption\">blogger ospite articolo sulla siccit\u00e0-foto Wikipedia<\/figcaption><\/figure>\n<\/div>\n\n\n<p><\/p>\n\n\n\n<h3 class=\"wp-block-heading\"><strong>Cosa fare nel nostro piccolo<\/strong>.<\/h3>\n\n\n\n<p>\u201cMa cosa posso farci io se non piove?\u201d<\/p>\n\n\n\n<p>\u201cE\u2019 la politica che deve pensare alla gestione della rete idrica, non \u00e8 una mia responsabilit\u00e0\u201d<\/p>\n\n\n\n<p>Queste affermazioni, oltre ad essere superficiali, sono \u201cpericolose\u201d: ci deresponsabilizzano e ci fanno mettere le mani avanti, della serie \u201cnon posso farci niente\u201d.<\/p>\n\n\n\n<p>Non c\u2019\u00e8 nulla di pi\u00f9 sbagliato perch\u00e9, come detto sopra, tutto \u00e8 strettamente connesso e le nostre scelte quotidiane impattano: parliamo delle scelte quotidiane di quasi 59 milioni di Italiani.<\/p>\n\n\n\n<p>Inizio col chiederti: Quanto dura la tua doccia? Quando lavi i denti il rubinetto resta aperto in continuazione? Se fumi all\u2019aperto e butti la cicca per strada, lo sai che con questo caldo puoi provocare un incendio? Potremmo andare avanti per ore!<\/p>\n\n\n\n<h3 class=\"wp-block-heading has-text-align-center\"><strong><mark class=\"kt-highlight\">Tutti noi dobbiamo agire ADESSO per ridurre le nostre emissioni, <\/mark><\/strong><br><strong><mark class=\"kt-highlight\">per NON SPRECARE ACQUA, <\/mark><\/strong><br><strong><mark class=\"kt-highlight\">per dare il nostro piccolo contributo: <\/mark><\/strong><br><strong><mark class=\"kt-highlight\">non possiamo essere indifferenti e continuare a dire \u201cnon \u00e8 un problema mio\u201d<\/mark><\/strong><\/h3>\n\n\n\n<p>Virginia Zoli&nbsp;.<\/p>\n\n\n\n<p><br><br><em>Per conoscere altri articoli di questo blogger, visitate il sito <a href=\"https:\/\/www.biorfarm.com\/\">www.biorfarm.com<\/a><br>dove potete anche acquistare prodotti, adottare un albero e sostenere tanti agricoltori da tutta Italia che mettono tutto il loro impegno e sapere per coltivare in modo naturale.<\/em><br><br><\/p>\n\n\n\n<p>Seguite il nostro sito:&nbsp;<a href=\"https:\/\/terranticavitanova.it\/\">https:\/\/terranticavitanova.it\/<\/a><br>dove spieghiamo la<a href=\"https:\/\/terranticavitanova.it\/index.php\/chi-siamo\/\">&nbsp;nostra storia&nbsp;<\/a>e<br>potete trovare la pagina dei&nbsp;<a href=\"https:\/\/terranticavitanova.it\/index.php\/corsi-orti-coltivazione-bio\/\">Corsi<\/a>&nbsp;ed il loro&nbsp;<a href=\"https:\/\/terranticavitanova.it\/index.php\/documenti\/\">programmi,<\/a>&nbsp;la&nbsp;<a href=\"https:\/\/terranticavitanova.it\/index.php\/galleria\/\">Galleria delle Foto<\/a>&nbsp;ed i&nbsp;<a href=\"https:\/\/terranticavitanova.it\/index.php\/contatti\/\">nostri contatti,<\/a><br>o la nostra pagina Facebook:&nbsp;<a href=\"https:\/\/www.facebook.com\/terranticavitanova.it\">https:\/\/www.facebook.com\/terranticavitanova.it<\/a> <br>o seguiteci su<a href=\"https:\/\/www.instagram.com\/terranticavitanova\/\"> Instagram: @terranticavitanova.<\/a><\/p>\n\n\n\n<p>Fonte foto degli articoli: wikipedia.org, pexels.com, unsplash.com\/it, pixabay.com\/it\/<\/p>\n","protected":false},"excerpt":{"rendered":"<p>APPROFONDIMENTOOspitiamo un nuovo articolo dei nostri colleghi blogger bio: www.biorfarm.com APPROFONDIMENTO SULLA RISORSA ACQUA Nei prossimi articoli Terra Antica Vita Nova pubblicher\u00e0 approfondimenti sull&#8217;importanza dell&#8217; ACQUA per la nostra vita.Speriamo che queste letture possano far meditare e incentivare un corretto comportamento di uso responsabile di questa risorsa sempre pi\u00f9 scarsa e sempre pi\u00f9 fondamentale.Iniziamo ospitando [&hellip;]<\/p>\n","protected":false},"author":2,"featured_media":32095,"comment_status":"closed","ping_status":"closed","sticky":false,"template":"","format":"standard","meta":{"ngg_post_thumbnail":0,"footnotes":""},"categories":[6],"tags":[334,11,332,331,333,329],"class_list":["post-32094","post","type-post","status-publish","format-standard","has-post-thumbnail","hentry","category-blog","tag-acqua","tag-biologico","tag-biorfarm","tag-coltivazione-naturale","tag-crisi-idrica","tag-siccita"],"yoast_head":"<!-- This site is optimized with the Yoast SEO plugin v27.5 - https:\/\/yoast.com\/product\/yoast-seo-wordpress\/ -->\n<title>ARTICOLO OSPITE-Emergenza Siccit\u00e0: quando la terra ha sete - Terra antica vita nova<\/title>\n<meta name=\"description\" content=\"Articolo di un blogger ospite- www.biorfarm.it con un articolo sull&#039; emergenza siccit\u00e0 e le sue disastrose conseguenze.\" \/>\n<meta name=\"robots\" content=\"index, follow, max-snippet:-1, max-image-preview:large, max-video-preview:-1\" \/>\n<link rel=\"canonical\" href=\"https:\/\/www.biorfarm.com\/emergenza-siccita\/\" \/>\n<meta property=\"og:locale\" content=\"it_IT\" \/>\n<meta property=\"og:type\" content=\"article\" \/>\n<meta property=\"og:title\" content=\"ARTICOLO OSPITE-Emergenza Siccit\u00e0: quando la terra ha sete - Terra antica vita nova\" \/>\n<meta property=\"og:description\" content=\"Articolo di un blogger ospite- www.biorfarm.it con un articolo sull&#039; emergenza siccit\u00e0 e le sue disastrose conseguenze.\" \/>\n<meta property=\"og:url\" content=\"https:\/\/www.biorfarm.com\/emergenza-siccita\/\" \/>\n<meta property=\"og:site_name\" content=\"Terra antica vita nova\" \/>\n<meta property=\"article:publisher\" content=\"https:\/\/www.facebook.com\/terranticavitanova.it\" \/>\n<meta property=\"article:published_time\" content=\"2023-06-17T09:01:00+00:00\" \/>\n<meta property=\"article:modified_time\" content=\"2025-03-07T17:42:57+00:00\" \/>\n<meta property=\"og:image\" content=\"https:\/\/terranticavitanova.it\/wp-content\/uploads\/2022\/10\/Te-an-vi-no-amici-e1706917849191.jpg\" \/>\n\t<meta property=\"og:image:width\" content=\"709\" \/>\n\t<meta property=\"og:image:height\" content=\"400\" \/>\n\t<meta property=\"og:image:type\" content=\"image\/jpeg\" \/>\n<meta name=\"author\" content=\"Terranticavitanova\" \/>\n<meta name=\"twitter:card\" content=\"summary_large_image\" \/>\n<meta name=\"twitter:label1\" content=\"Scritto da\" \/>\n\t<meta name=\"twitter:data1\" content=\"Terranticavitanova\" \/>\n\t<meta name=\"twitter:label2\" content=\"Tempo di lettura stimato\" \/>\n\t<meta name=\"twitter:data2\" content=\"5 minuti\" \/>\n<!-- \/ Yoast SEO plugin. -->","yoast_head_json":{"title":"ARTICOLO OSPITE-Emergenza Siccit\u00e0: quando la terra ha sete - Terra antica vita nova","description":"Articolo di un blogger ospite- www.biorfarm.it con un articolo sull' emergenza siccit\u00e0 e le sue disastrose conseguenze.","robots":{"index":"index","follow":"follow","max-snippet":"max-snippet:-1","max-image-preview":"max-image-preview:large","max-video-preview":"max-video-preview:-1"},"canonical":"https:\/\/www.biorfarm.com\/emergenza-siccita\/","og_locale":"it_IT","og_type":"article","og_title":"ARTICOLO OSPITE-Emergenza Siccit\u00e0: quando la terra ha sete - Terra antica vita nova","og_description":"Articolo di un blogger ospite- www.biorfarm.it con un articolo sull' emergenza siccit\u00e0 e le sue disastrose conseguenze.","og_url":"https:\/\/www.biorfarm.com\/emergenza-siccita\/","og_site_name":"Terra antica vita nova","article_publisher":"https:\/\/www.facebook.com\/terranticavitanova.it","article_published_time":"2023-06-17T09:01:00+00:00","article_modified_time":"2025-03-07T17:42:57+00:00","og_image":[{"width":709,"height":400,"url":"https:\/\/terranticavitanova.it\/wp-content\/uploads\/2022\/10\/Te-an-vi-no-amici-e1706917849191.jpg","type":"image\/jpeg"}],"author":"Terranticavitanova","twitter_card":"summary_large_image","twitter_misc":{"Scritto da":"Terranticavitanova","Tempo di lettura stimato":"5 minuti"},"schema":{"@context":"https:\/\/schema.org","@graph":[{"@type":"Article","@id":"https:\/\/www.biorfarm.com\/emergenza-siccita\/#article","isPartOf":{"@id":"https:\/\/terranticavitanova.it\/index.php\/2023\/06\/17\/emergenza-siccita-quando-la-terra-ha-sete\/"},"author":{"name":"Terranticavitanova","@id":"https:\/\/terranticavitanova.it\/#\/schema\/person\/106605975cbb02bf5a14eb44e97985d8"},"headline":"ARTICOLO OSPITE-Emergenza Siccit\u00e0: quando la terra ha sete","datePublished":"2023-06-17T09:01:00+00:00","dateModified":"2025-03-07T17:42:57+00:00","mainEntityOfPage":{"@id":"https:\/\/terranticavitanova.it\/index.php\/2023\/06\/17\/emergenza-siccita-quando-la-terra-ha-sete\/"},"wordCount":867,"publisher":{"@id":"https:\/\/terranticavitanova.it\/#organization"},"image":{"@id":"https:\/\/www.biorfarm.com\/emergenza-siccita\/#primaryimage"},"thumbnailUrl":"https:\/\/terranticavitanova.it\/wp-content\/uploads\/2022\/10\/Te-an-vi-no-amici-e1706917849191.jpg","keywords":["acqua","biologico","biorfarm","coltivazione naturale","crisi idrica","siccit\u00e0"],"articleSection":["Blog"],"inLanguage":"it-IT"},{"@type":"WebPage","@id":"https:\/\/terranticavitanova.it\/index.php\/2023\/06\/17\/emergenza-siccita-quando-la-terra-ha-sete\/","url":"https:\/\/www.biorfarm.com\/emergenza-siccita\/","name":"ARTICOLO OSPITE-Emergenza Siccit\u00e0: quando la terra ha sete - Terra antica vita nova","isPartOf":{"@id":"https:\/\/terranticavitanova.it\/#website"},"primaryImageOfPage":{"@id":"https:\/\/www.biorfarm.com\/emergenza-siccita\/#primaryimage"},"image":{"@id":"https:\/\/www.biorfarm.com\/emergenza-siccita\/#primaryimage"},"thumbnailUrl":"https:\/\/terranticavitanova.it\/wp-content\/uploads\/2022\/10\/Te-an-vi-no-amici-e1706917849191.jpg","datePublished":"2023-06-17T09:01:00+00:00","dateModified":"2025-03-07T17:42:57+00:00","description":"Articolo di un blogger ospite- www.biorfarm.it con un articolo sull' emergenza siccit\u00e0 e le sue disastrose conseguenze.","breadcrumb":{"@id":"https:\/\/www.biorfarm.com\/emergenza-siccita\/#breadcrumb"},"inLanguage":"it-IT","potentialAction":[{"@type":"ReadAction","target":["https:\/\/www.biorfarm.com\/emergenza-siccita\/"]}]},{"@type":"ImageObject","inLanguage":"it-IT","@id":"https:\/\/www.biorfarm.com\/emergenza-siccita\/#primaryimage","url":"https:\/\/terranticavitanova.it\/wp-content\/uploads\/2022\/10\/Te-an-vi-no-amici-e1706917849191.jpg","contentUrl":"https:\/\/terranticavitanova.it\/wp-content\/uploads\/2022\/10\/Te-an-vi-no-amici-e1706917849191.jpg","width":709,"height":400},{"@type":"BreadcrumbList","@id":"https:\/\/www.biorfarm.com\/emergenza-siccita\/#breadcrumb","itemListElement":[{"@type":"ListItem","position":1,"name":"Home","item":"https:\/\/terranticavitanova.it\/"},{"@type":"ListItem","position":2,"name":"ARTICOLO OSPITE-Emergenza Siccit\u00e0: quando la terra ha sete"}]},{"@type":"WebSite","@id":"https:\/\/terranticavitanova.it\/#website","url":"https:\/\/terranticavitanova.it\/","name":"Terra antica vita nova","description":"Coltiviamo l&#039;hobby di coltivare","publisher":{"@id":"https:\/\/terranticavitanova.it\/#organization"},"potentialAction":[{"@type":"SearchAction","target":{"@type":"EntryPoint","urlTemplate":"https:\/\/terranticavitanova.it\/?s={search_term_string}"},"query-input":{"@type":"PropertyValueSpecification","valueRequired":true,"valueName":"search_term_string"}}],"inLanguage":"it-IT"},{"@type":"Organization","@id":"https:\/\/terranticavitanova.it\/#organization","name":"Terranticavitanova","url":"https:\/\/terranticavitanova.it\/","logo":{"@type":"ImageObject","inLanguage":"it-IT","@id":"https:\/\/terranticavitanova.it\/#\/schema\/logo\/image\/","url":"https:\/\/terranticavitanova.it\/wp-content\/uploads\/2018\/08\/logo.png","contentUrl":"https:\/\/terranticavitanova.it\/wp-content\/uploads\/2018\/08\/logo.png","width":300,"height":500,"caption":"Terranticavitanova"},"image":{"@id":"https:\/\/terranticavitanova.it\/#\/schema\/logo\/image\/"},"sameAs":["https:\/\/www.facebook.com\/terranticavitanova.it"]},{"@type":"Person","@id":"https:\/\/terranticavitanova.it\/#\/schema\/person\/106605975cbb02bf5a14eb44e97985d8","name":"Terranticavitanova","image":{"@type":"ImageObject","inLanguage":"it-IT","@id":"https:\/\/secure.gravatar.com\/avatar\/4c2992627de891b364b571da15291b5fe5eb87a238c0d23b3b3483fd99bfac9a?s=96&d=mm&r=g","url":"https:\/\/secure.gravatar.com\/avatar\/4c2992627de891b364b571da15291b5fe5eb87a238c0d23b3b3483fd99bfac9a?s=96&d=mm&r=g","contentUrl":"https:\/\/secure.gravatar.com\/avatar\/4c2992627de891b364b571da15291b5fe5eb87a238c0d23b3b3483fd99bfac9a?s=96&d=mm&r=g","caption":"Terranticavitanova"},"url":"https:\/\/terranticavitanova.it\/index.php\/author\/teoelara\/"}]}},"_links":{"self":[{"href":"https:\/\/terranticavitanova.it\/index.php\/wp-json\/wp\/v2\/posts\/32094","targetHints":{"allow":["GET"]}}],"collection":[{"href":"https:\/\/terranticavitanova.it\/index.php\/wp-json\/wp\/v2\/posts"}],"about":[{"href":"https:\/\/terranticavitanova.it\/index.php\/wp-json\/wp\/v2\/types\/post"}],"author":[{"embeddable":true,"href":"https:\/\/terranticavitanova.it\/index.php\/wp-json\/wp\/v2\/users\/2"}],"replies":[{"embeddable":true,"href":"https:\/\/terranticavitanova.it\/index.php\/wp-json\/wp\/v2\/comments?post=32094"}],"version-history":[{"count":46,"href":"https:\/\/terranticavitanova.it\/index.php\/wp-json\/wp\/v2\/posts\/32094\/revisions"}],"predecessor-version":[{"id":34421,"href":"https:\/\/terranticavitanova.it\/index.php\/wp-json\/wp\/v2\/posts\/32094\/revisions\/34421"}],"wp:featuredmedia":[{"embeddable":true,"href":"https:\/\/terranticavitanova.it\/index.php\/wp-json\/wp\/v2\/media\/32095"}],"wp:attachment":[{"href":"https:\/\/terranticavitanova.it\/index.php\/wp-json\/wp\/v2\/media?parent=32094"}],"wp:term":[{"taxonomy":"category","embeddable":true,"href":"https:\/\/terranticavitanova.it\/index.php\/wp-json\/wp\/v2\/categories?post=32094"},{"taxonomy":"post_tag","embeddable":true,"href":"https:\/\/terranticavitanova.it\/index.php\/wp-json\/wp\/v2\/tags?post=32094"}],"curies":[{"name":"wp","href":"https:\/\/api.w.org\/{rel}","templated":true}]}}