{"id":21045,"date":"2021-02-28T11:19:00","date_gmt":"2021-02-28T10:19:00","guid":{"rendered":"https:\/\/terranticavitanova.it\/?p=21045"},"modified":"2025-03-07T19:05:44","modified_gmt":"2025-03-07T18:05:44","slug":"diamo-in-numeri-sulle-piante-e-sul-suolo","status":"publish","type":"post","link":"https:\/\/terranticavitanova.it\/index.php\/2021\/02\/28\/diamo-in-numeri-sulle-piante-e-sul-suolo\/","title":{"rendered":"AMBIENTE Diamo i numeri sulle piante e sul suolo"},"content":{"rendered":"\n<h2 class=\"wp-block-heading has-text-align-center\"><strong>Noi viviamo solo attraverso le piante<\/strong>!<\/h2>\n\n\n<div class=\"wp-block-image\">\n<figure class=\"aligncenter size-large is-resized\"><img loading=\"lazy\" decoding=\"async\" width=\"1024\" height=\"602\" src=\"https:\/\/terranticavitanova.it\/wp-content\/uploads\/2020\/12\/Immagine-101-1024x602.jpg\" alt=\"\" class=\"wp-image-22563\" style=\"width:805px;height:472px\" srcset=\"https:\/\/terranticavitanova.it\/wp-content\/uploads\/2020\/12\/Immagine-101-1024x602.jpg 1024w, https:\/\/terranticavitanova.it\/wp-content\/uploads\/2020\/12\/Immagine-101-300x176.jpg 300w, https:\/\/terranticavitanova.it\/wp-content\/uploads\/2020\/12\/Immagine-101-768x451.jpg 768w, https:\/\/terranticavitanova.it\/wp-content\/uploads\/2020\/12\/Immagine-101-380x223.jpg 380w, https:\/\/terranticavitanova.it\/wp-content\/uploads\/2020\/12\/Immagine-101.jpg 1091w\" sizes=\"auto, (max-width: 1024px) 100vw, 1024px\" \/><figcaption class=\"wp-element-caption\">noi e le piante- un intimo rapporto millenario<\/figcaption><\/figure>\n<\/div>\n\n\n<h4 class=\"wp-block-heading\"><strong>Noi possiamo vivere senza piante?  Numeri sulla nostra dipendenza dal mondo vegetale&#8230;<\/strong><\/h4>\n\n\n\n<p>Con questo articolo diamo un p\u00f2 di numeri per quanto riguarda la nostra completa dipendenza dal mondo vegetale. (dati anni dal 2013 al 2017)<\/p>\n\n\n\n<p>Non tutti sanno che &#8230;.<br><strong>31mila sono le specie di piante utilizzati dall&#8217;Uomo<\/strong> per diversi scopi<\/p>\n\n\n\n<ul class=\"wp-block-list\">\n<li>18mila a scopi medicinali<\/li>\n\n\n\n<li>11mila come materiali tessili o edili<\/li>\n\n\n\n<li>1300 per fini religiosi o sociali (compresi gli stupefacenti)<\/li>\n\n\n\n<li>1600 come fonti di energia<\/li>\n\n\n\n<li>4000 come cibo per animali<\/li>\n\n\n\n<li>8000 a scopi ambientali<\/li>\n\n\n\n<li>2500 come veleni<\/li>\n\n\n\n<li>Ecc&#8230;<\/li>\n<\/ul>\n\n\n\n<p><br><span class=\"has-inline-color has-vivid-red-color\"><strong>&#8230;ma solo UN DECIMO di tutto il mondo vegetale \u00e9 usato dall&#8217;Uomo per i suoi diversi usi !!<\/strong><\/span><\/p>\n\n\n\n<h4 class=\"wp-block-heading\"><strong>Il peso delle piante<\/strong><\/h4>\n\n\n\n<p>Di tutto ci\u00f2 che vive sopra la nostra Terra,<strong> le piante ne sono l&#8217; 80% del suo peso! <\/strong><br>Noi e gli animali siamo solo lo 0,3% della biomassa terrestre.<br>Veramente poco !!!<\/p>\n\n\n\n<h4 class=\"wp-block-heading\"><strong>L&#8217;Uomo coltiva la terra per sfamarsi?<\/strong><\/h4>\n\n\n\n<p>La risposta Vi pu\u00f2 sorprendere&#8230;<br>Considerando tutto il suolo al mondo che l&#8217;Uomo usa (quindi escluse foreste ecc&#8230;), <br><strong>&#8211;   IL 77% DELLE TERRE AL MONDO SONO LASCIATE COME PASCOLO PER IL BESTIAME D&#8217;ALLEVAMENTO!<\/strong><br>Purtroppo questo dato ha numerose conseguenze.<br>&#8211;   <strong>L&#8217;80% al Mondo di uso di azoto e fosforo concentrati sono dedicati alla coltivazione di cibo per animali da allevamento<\/strong>. Queste alte quantit\u00e0 produrranno risorse naturali sempre pi\u00f9 inquinate e tossiche.<br>&#8211;   <strong>Il 15% di emissione di gas serra \u00e9 dovuta all&#8217;attivit\u00e0 umana sulla Terra e l&#8217;allevamento \u00e9 una delle maggiori cause di emissione di questi gas.<\/strong> La gestione pi\u00f9 razionale ed efficiente dell&#8217;allevamento e delle terre per il bestiame pu\u00f2 ridurre le emissioni anche del 30%, secondo studi della FAO.<\/p>\n\n\n\n<p>L&#8217;Uomo coltiva per lo pi\u00f9 per sfamare animali di cui manger\u00e0 carne e prodotti derivati (latticini per esempio) e solo il 23% del restante suolo mondiale \u00e9 coltivato per l&#8217;alimentazione umana.<br>Per coltivare foraggio e per mantenere i pascoli appetibili al bestiame, l&#8217;allevatore (che prima di essere allevatore \u00e9 coltivatore di cibo per animali, ricordiamo) \u00e9 costretto sempre pi\u00f9 a usare fertilizzanti sempre pi\u00f9 concentrati.<\/p>\n\n\n<div class=\"wp-block-image is-style-rounded\">\n<figure class=\"aligncenter size-large is-resized\"><img loading=\"lazy\" decoding=\"async\" width=\"833\" height=\"646\" src=\"https:\/\/terranticavitanova.it\/wp-content\/uploads\/2020\/12\/Immagine-103.jpg\" alt=\"\" class=\"wp-image-22600\" style=\"width:387px;height:300px\" srcset=\"https:\/\/terranticavitanova.it\/wp-content\/uploads\/2020\/12\/Immagine-103.jpg 833w, https:\/\/terranticavitanova.it\/wp-content\/uploads\/2020\/12\/Immagine-103-300x233.jpg 300w, https:\/\/terranticavitanova.it\/wp-content\/uploads\/2020\/12\/Immagine-103-768x596.jpg 768w, https:\/\/terranticavitanova.it\/wp-content\/uploads\/2020\/12\/Immagine-103-380x295.jpg 380w\" sizes=\"auto, (max-width: 833px) 100vw, 833px\" \/><figcaption class=\"wp-element-caption\">una foresta di piante<\/figcaption><\/figure>\n<\/div>\n\n\n<h4 class=\"wp-block-heading\"><strong>Le piante e l&#8217;inquinamento<\/strong><\/h4>\n\n\n<div class=\"wp-block-image is-style-default\">\n<figure class=\"alignleft size-large is-resized\"><img loading=\"lazy\" decoding=\"async\" width=\"963\" height=\"644\" src=\"https:\/\/terranticavitanova.it\/wp-content\/uploads\/2020\/12\/Immagine104.jpg\" alt=\"\" class=\"wp-image-22601\" style=\"width:438px;height:292px\" srcset=\"https:\/\/terranticavitanova.it\/wp-content\/uploads\/2020\/12\/Immagine104.jpg 963w, https:\/\/terranticavitanova.it\/wp-content\/uploads\/2020\/12\/Immagine104-300x201.jpg 300w, https:\/\/terranticavitanova.it\/wp-content\/uploads\/2020\/12\/Immagine104-768x514.jpg 768w, https:\/\/terranticavitanova.it\/wp-content\/uploads\/2020\/12\/Immagine104-380x254.jpg 380w, https:\/\/terranticavitanova.it\/wp-content\/uploads\/2020\/12\/Immagine104-272x182.jpg 272w\" sizes=\"auto, (max-width: 963px) 100vw, 963px\" \/><figcaption class=\"wp-element-caption\">piante da coltivare nelle citt\u00e0<\/figcaption><\/figure>\n<\/div>\n\n\n<p><strong>1000 miliardi di alberi <\/strong><br>\u00e9 la cifra che uno studio di ricercatori svizzeri nel 2019 ha ipotizzato che devono esser trapiantati nei prossimi anni per poter assimilare gran parte l&#8217;<a href=\"https:\/\/it.wikipedia.org\/wiki\/Anidride_carbonica\">emissione di CO2 <\/a>causata dall&#8217;attivit\u00e0 umana.<br>Dalla rivoluzione industriale fino ad oggi, molta anidride carbonica <a href=\"https:\/\/it.wikipedia.org\/wiki\/Stati_per_emissioni_di_CO2\">\u00e9 stata immessa nell&#8217;aria <\/a>nel mondo. Le piante sono un validissimo modo per riassorbirla, ma ci sono sempre meno foreste e grandi distese di alberi. Quindi bisogna compensare trapiantando nuovi alberi, soprattutto nelle <strong>citt\u00e0 che sono responsabili del 75% di emissione di anidride carbonica nell&#8217;aria mondiale.<\/strong><br>Da tempo sta nascendo una moda, coltivare nei<a href=\"https:\/\/www.ansa.it\/lifestyle\/notizie\/passioni\/design\/2017\/04\/04\/fuorisalone-orti-sul-tettopensionate-coltivano-la-citta_9f522b87-1b1b-46bc-90c3-d174b8632e3b.html\"> condomini, sui tetti <\/a>e<a href=\"https:\/\/terranticavitanova.it\/index.php\/2020\/05\/06\/compostiera-casalinga-fai-da-te\/\"> sui balconi. <\/a>Sempre pi\u00f9 persone amano avere piante da orto o giardino sui loro terrazzi e&#8230;spuntano anche<a href=\"https:\/\/www.ansa.it\/canale_terraegusto\/notizie\/mondo_agricolo\/2020\/11\/08\/sos-api-2020-negativo-ma-laiuto-puo-arrivare-dalle-citta_5817219b-5e90-4cca-b8f5-e2906f30c996.html\"> alveari da citt\u00e0!<\/a>  Molti fiori sono usati <a href=\"https:\/\/terranticavitanova.it\/index.php\/2023\/05\/07\/la-calendula-coltivazione-e-proprieta\/\">per attirare insetti<\/a> impollinatori per nutrirli e far impollinare fiori che diventeranno frutti.<br>Noi coltiviamo da tempo sul <a href=\"https:\/\/terranticavitanova.it\/index.php\/2020\/05\/15\/usare-il-compost-per-coltivare-sul-balcone-di-casa-si-puo\/\">nostro balcone di casa,<\/a> oltre che nel nostro campo. Guardate le foto di quanta resa si pu\u00f2 avere anche in una sola <a href=\"https:\/\/terranticavitanova.it\/index.php\/galleria\/\">piccola cassetta di fiori!<\/a><\/p>\n\n\n<div class=\"wp-block-image\">\n<figure class=\"aligncenter size-large is-resized\"><img loading=\"lazy\" decoding=\"async\" width=\"407\" height=\"256\" src=\"https:\/\/terranticavitanova.it\/wp-content\/uploads\/2019\/10\/Immagine-20.jpg\" alt=\"\" class=\"wp-image-1120\" style=\"width:591px;height:372px\" srcset=\"https:\/\/terranticavitanova.it\/wp-content\/uploads\/2019\/10\/Immagine-20.jpg 407w, https:\/\/terranticavitanova.it\/wp-content\/uploads\/2019\/10\/Immagine-20-300x189.jpg 300w, https:\/\/terranticavitanova.it\/wp-content\/uploads\/2019\/10\/Immagine-20-380x239.jpg 380w\" sizes=\"auto, (max-width: 407px) 100vw, 407px\" \/><figcaption class=\"wp-element-caption\">piante da balcone-produttive e sane in poco spazio<\/figcaption><\/figure>\n<\/div>\n\n\n<h4 class=\"wp-block-heading\"><strong>Diamo dei numeri anche sullo stato del suolo<\/strong>..<\/h4>\n\n\n\n<h4 class=\"wp-block-heading\"><strong>L&#8217;attivit\u00e0 umana pu\u00f2 rende il suolo improduttivo per le piante<\/strong>: il problema del sale nella terra.<\/h4>\n\n\n\n<p>Ad oggi, uno dei grossi problemi dell&#8217;agricoltura \u00e9 l&#8217;aumento della <a href=\"https:\/\/it.wikipedia.org\/wiki\/Suolo_salino\">salinit\u00e0 nel suolo.<\/a><br>Perch\u00e9 ci interessa la salinit\u00e0? Un suolo con un&#8217;alta percentuale di sale al suo interno \u00e9 tossico e quindi non produce alcun frutto. <br>Si stima che <strong>PI\u00da DELLA MET\u00c0 DEI SUOLI AGRICOLI MONDIALI soffra di salinit\u00e0<\/strong>, pi\u00f9 o meno marcata. <br>Le cause sono molte: maltrattamento del suolo con sostanze chimiche concentrate, piogge acide, innalzamento del mare (acqua salata che si infiltra sempre pi\u00f9 nelle dolci falde acquifere). Si sta cercando di <a href=\"https:\/\/www.ansa.it\/sito\/notizie\/mondo\/notiziario_xinhua\/2019\/12\/03\/cina-nuovo-metodo-miglioramento-suoli-salino-sodici_6bef235f-a905-4609-9c86-362a43f3f889.html\">combattere questo fenomeno <\/a>,sempre pi\u00f9 preoccupante, ma finora siamo inerti spettatori di questo disastro ambientale.<br>Vista la nostra completa dipendenza dal mondo vegetale, come mostra in breve questo articolo, \u00e9 fondamentale rispettare la Natura e cercare di non stravolgere processi biologici di milioni di anni.<br>Ecco perch\u00e9 \u00e9 importante l&#8217;agricoltura naturale, biologica. Coltivare biologico, in modo naturale, protegge il suolo anche da questo evento funesto.<\/p>\n\n\n\n<p>Ecco perch\u00e9 terminiamo questo articolo con una<a href=\"https:\/\/www.ansa.it\/canale_terraegusto\/notizie\/mondo_agricolo\/2017\/11\/16\/agricolturasuperfici-bio-ue-aumentate-2mln-ettari-in-5-anni_0efa3912-1dac-426f-bb09-e8317bb0eb51.html\"> notizia positiva:<\/a><\/p>\n\n\n\n<h2 class=\"wp-block-heading has-text-align-center\"><strong><span class=\"has-inline-color has-vivid-red-color\">SEMPRE PI\u00da TERRE NEL MONDO <\/span><\/strong><br><strong><span class=\"has-inline-color has-vivid-red-color\">SONO COLTIVATE CON METODI NATURALI !<\/span><\/strong><\/h2>\n\n\n<div class=\"wp-block-image is-style-rounded\">\n<figure class=\"aligncenter size-large is-resized\"><img loading=\"lazy\" decoding=\"async\" width=\"1024\" height=\"576\" src=\"https:\/\/terranticavitanova.it\/wp-content\/uploads\/2020\/02\/20180508_132305-1024x576.jpg\" alt=\"\" class=\"wp-image-2360\" style=\"width:569px;height:320px\" srcset=\"https:\/\/terranticavitanova.it\/wp-content\/uploads\/2020\/02\/20180508_132305-1024x576.jpg 1024w, https:\/\/terranticavitanova.it\/wp-content\/uploads\/2020\/02\/20180508_132305-300x169.jpg 300w, https:\/\/terranticavitanova.it\/wp-content\/uploads\/2020\/02\/20180508_132305-768x432.jpg 768w, https:\/\/terranticavitanova.it\/wp-content\/uploads\/2020\/02\/20180508_132305-1536x864.jpg 1536w, https:\/\/terranticavitanova.it\/wp-content\/uploads\/2020\/02\/20180508_132305-2048x1152.jpg 2048w, https:\/\/terranticavitanova.it\/wp-content\/uploads\/2020\/02\/20180508_132305-380x214.jpg 380w\" sizes=\"auto, (max-width: 1024px) 100vw, 1024px\" \/><figcaption class=\"wp-element-caption\">le nostre piante coltivate in modo biologico<\/figcaption><\/figure>\n<\/div>\n\n\n<h4 class=\"wp-block-heading\"><strong>La qualit\u00e0 del suolo<\/strong><\/h4>\n\n\n\n<p>Abbiamo gi\u00e0 visto in un altro articolo, quanti danni al suolo e alle risorse naturali, pu\u00f2 fare l&#8217;agricoltura industriale intensiva sfruttatrice e quanto beneficio naturale pu\u00f2 invece portare un tipo di coltivazione pi\u00f9 naturale e biologica.<br>Ora diamo i numeri sul maltrattamento del suolo negli ultimi 50 anni in Italia.<\/p>\n\n\n\n<p>Sappiamo che pi\u00f9 il suolo \u00e9 ricco di sostanze naturali, organiche (humus, compost, concimi naturali) e pi\u00f9 \u00e9 sano e naturale. Un suolo trattato in modo rispettoso come nell&#8217;agricoltura biologico, <a href=\"https:\/\/terranticavitanova.it\/index.php\/2020\/05\/25\/disastri-ambientali\/\">non \u00e9 un suolo degradato o soggetto a grandi erosioni.<\/a><\/p>\n\n\n\n<p>Ora, purtroppo nel Mondo ed il Italia i dati sono questi (dati presi dalla<a href=\"https:\/\/nap.wikipedia.org\/wiki\/FAO\"> FAO <\/a>nel 2015)<\/p>\n\n\n\n<ul class=\"wp-block-list\">\n<li><strong>74% dei suoli italiani ha meno del 2% di sostanza organica al suo interno<\/strong><\/li>\n\n\n\n<li><strong>30 miliardi di tonnellate di terra si perdono nel Mondo all&#8217;anno per<a href=\"https:\/\/it.wikipedia.org\/wiki\/Degradazione_del_suolo\"> erosione <\/a>idrica<\/strong><\/li>\n\n\n\n<li><strong>2 miliardi di tonnellate di terra si perdono nel Mondo all&#8217;anno per erosione eolica<\/strong><\/li>\n<\/ul>\n\n\n<div class=\"wp-block-image is-style-rounded\">\n<figure class=\"alignleft size-large is-resized\"><img loading=\"lazy\" decoding=\"async\" width=\"779\" height=\"664\" src=\"https:\/\/terranticavitanova.it\/wp-content\/uploads\/2020\/12\/Immagine.jpg\" alt=\"\" class=\"wp-image-23064\" style=\"width:365px;height:311px\" srcset=\"https:\/\/terranticavitanova.it\/wp-content\/uploads\/2020\/12\/Immagine.jpg 779w, https:\/\/terranticavitanova.it\/wp-content\/uploads\/2020\/12\/Immagine-300x256.jpg 300w, https:\/\/terranticavitanova.it\/wp-content\/uploads\/2020\/12\/Immagine-768x655.jpg 768w, https:\/\/terranticavitanova.it\/wp-content\/uploads\/2020\/12\/Immagine-380x324.jpg 380w\" sizes=\"auto, (max-width: 779px) 100vw, 779px\" \/><figcaption class=\"wp-element-caption\">suolo e piante maltrattati<\/figcaption><\/figure>\n<\/div>\n\n\n<p>Se si pensa che Madre Natura impiega circa 250 anni a ricreare in modo naturale solo i primi 5-10 cm di suolo&#8230;e se si pensa che la soglia critica di percentuale di sostanza organica \u00e9 di 3,5%  per definire ancora una terra &#8220;naturale&#8221; e capace di autorigenerarsi, capiamo bene che \u00e9 tempo di fare inversione di rotta e rispettare le risorse naturali, prima che sia troppo tardi.<\/p>\n\n\n\n<p><strong><mark class=\"kt-highlight\">Per avere un beneficio oggi, stiamo distruggendo il nostro futuro e quello dei nostri figli e nipoti e figli dei nipoti ecc&#8230;<\/mark><\/strong><br>Mai una generazione \u00e9 stata cos\u00ec distruttiva col proprio territorio. L&#8217;esempio di <a href=\"https:\/\/it.wikipedia.org\/wiki\/Isola_di_Pasqua\">Rapa Nui-l&#8217; Isola di Pasqua<\/a> \u00e9 un monito per tutti.<\/p>\n\n\n\n<h2 class=\"wp-block-heading has-text-align-center has-vivid-red-color has-text-color\"><strong>TORNIAMO INDIETRO!<\/strong><br><strong>TORNIAMO A RISPETTARE MADRE NATURA!<\/strong><\/h2>\n\n\n<div class=\"wp-block-image\">\n<figure class=\"aligncenter size-large is-resized\"><img loading=\"lazy\" decoding=\"async\" width=\"840\" height=\"583\" src=\"https:\/\/terranticavitanova.it\/wp-content\/uploads\/2020\/12\/Immagine-1.jpg\" alt=\"\" class=\"wp-image-23074\" style=\"width:456px;height:316px\" srcset=\"https:\/\/terranticavitanova.it\/wp-content\/uploads\/2020\/12\/Immagine-1.jpg 840w, https:\/\/terranticavitanova.it\/wp-content\/uploads\/2020\/12\/Immagine-1-300x208.jpg 300w, https:\/\/terranticavitanova.it\/wp-content\/uploads\/2020\/12\/Immagine-1-768x533.jpg 768w, https:\/\/terranticavitanova.it\/wp-content\/uploads\/2020\/12\/Immagine-1-380x264.jpg 380w\" sizes=\"auto, (max-width: 840px) 100vw, 840px\" \/><figcaption class=\"wp-element-caption\">Svolta verso il biologico<\/figcaption><\/figure>\n<\/div>\n\n\n<p><br>Seguite il nostro sito:&nbsp;<a href=\"https:\/\/terranticavitanova.it\/\">https:\/\/terranticavitanova.it\/<\/a><br>dove spieghiamo la<a href=\"https:\/\/terranticavitanova.it\/index.php\/chi-siamo\/\">&nbsp;nostra storia&nbsp;<\/a>e<br>potete trovare la pagina dei&nbsp;<a href=\"https:\/\/terranticavitanova.it\/index.php\/corsi-orti-coltivazione-bio\/\">Corsi<\/a>&nbsp;ed il loro&nbsp;<a href=\"https:\/\/terranticavitanova.it\/index.php\/documenti\/\">programmi,<\/a>&nbsp;la&nbsp;<a href=\"https:\/\/terranticavitanova.it\/index.php\/galleria\/\">Galleria delle Foto<\/a>&nbsp;ed i&nbsp;<a href=\"https:\/\/terranticavitanova.it\/index.php\/contatti\/\">nostri contatti,<\/a><br>o la nostra pagina Facebook:&nbsp;<a href=\"https:\/\/www.facebook.com\/terranticavitanova.it\">https:\/\/www.facebook.com\/terranticavitanova.it<\/a> <br>o seguiteci su<a href=\"https:\/\/www.instagram.com\/terranticavitanova\/\"> Instagram: @terranticavitanova.<\/a><\/p>\n\n\n\n<p>Fonte foto degli articoli: wikipedia.org, pexels.com, unsplash.com\/it, pixabay.com\/it\/<\/p>\n","protected":false},"excerpt":{"rendered":"<p>Noi viviamo solo attraverso le piante! Noi possiamo vivere senza piante? Numeri sulla nostra dipendenza dal mondo vegetale&#8230; Con questo articolo diamo un p\u00f2 di numeri per quanto riguarda la nostra completa dipendenza dal mondo vegetale. (dati anni dal 2013 al 2017) Non tutti sanno che &#8230;.31mila sono le specie di piante utilizzati dall&#8217;Uomo per [&hellip;]<\/p>\n","protected":false},"author":2,"featured_media":22592,"comment_status":"closed","ping_status":"closed","sticky":false,"template":"","format":"standard","meta":{"ngg_post_thumbnail":0,"footnotes":""},"categories":[6],"tags":[156,277,276,273,275,274],"class_list":["post-21045","post","type-post","status-publish","format-standard","has-post-thumbnail","hentry","category-blog","tag-coltivare-biologico","tag-emissioni-anidride","tag-mondo-vegetale","tag-piante","tag-salinita-del-suolo","tag-suolo-degradato"],"yoast_head":"<!-- This site is optimized with the Yoast SEO plugin v27.5 - https:\/\/yoast.com\/product\/yoast-seo-wordpress\/ -->\n<title>AMBIENTE Diamo i numeri sulle piante e sul suolo - Terra antica vita nova<\/title>\n<meta name=\"description\" content=\"Alcune curiosit\u00e0 sulle piante e sul suolo: noi non possiamo vivere senza il mondo vegetale, ma loro vivrebbero senza di noi?\" \/>\n<meta name=\"robots\" content=\"index, follow, max-snippet:-1, max-image-preview:large, max-video-preview:-1\" \/>\n<link rel=\"canonical\" href=\"https:\/\/terranticavitanova.it\/index.php\/2021\/02\/28\/diamo-in-numeri-sulle-piante-e-sul-suolo\/\" \/>\n<meta property=\"og:locale\" content=\"it_IT\" \/>\n<meta property=\"og:type\" content=\"article\" \/>\n<meta property=\"og:title\" content=\"AMBIENTE Diamo i numeri sulle piante e sul suolo - Terra antica vita nova\" \/>\n<meta property=\"og:description\" content=\"Alcune curiosit\u00e0 sulle piante e sul suolo: noi non possiamo vivere senza il mondo vegetale, ma loro vivrebbero senza di noi?\" \/>\n<meta property=\"og:url\" content=\"https:\/\/terranticavitanova.it\/index.php\/2021\/02\/28\/diamo-in-numeri-sulle-piante-e-sul-suolo\/\" \/>\n<meta property=\"og:site_name\" content=\"Terra antica vita nova\" \/>\n<meta property=\"article:publisher\" content=\"https:\/\/www.facebook.com\/terranticavitanova.it\" \/>\n<meta property=\"article:published_time\" content=\"2021-02-28T10:19:00+00:00\" \/>\n<meta property=\"article:modified_time\" content=\"2025-03-07T18:05:44+00:00\" \/>\n<meta property=\"og:image\" content=\"https:\/\/terranticavitanova.it\/wp-content\/uploads\/2020\/12\/Immagine-102.jpg\" \/>\n\t<meta property=\"og:image:width\" content=\"744\" \/>\n\t<meta property=\"og:image:height\" content=\"736\" \/>\n\t<meta property=\"og:image:type\" content=\"image\/jpeg\" \/>\n<meta name=\"author\" content=\"Terranticavitanova\" \/>\n<meta name=\"twitter:card\" content=\"summary_large_image\" \/>\n<meta name=\"twitter:label1\" content=\"Scritto da\" \/>\n\t<meta name=\"twitter:data1\" content=\"Terranticavitanova\" \/>\n\t<meta name=\"twitter:label2\" content=\"Tempo di lettura stimato\" \/>\n\t<meta name=\"twitter:data2\" content=\"7 minuti\" \/>\n<!-- \/ Yoast SEO plugin. -->","yoast_head_json":{"title":"AMBIENTE Diamo i numeri sulle piante e sul suolo - Terra antica vita nova","description":"Alcune curiosit\u00e0 sulle piante e sul suolo: noi non possiamo vivere senza il mondo vegetale, ma loro vivrebbero senza di noi?","robots":{"index":"index","follow":"follow","max-snippet":"max-snippet:-1","max-image-preview":"max-image-preview:large","max-video-preview":"max-video-preview:-1"},"canonical":"https:\/\/terranticavitanova.it\/index.php\/2021\/02\/28\/diamo-in-numeri-sulle-piante-e-sul-suolo\/","og_locale":"it_IT","og_type":"article","og_title":"AMBIENTE Diamo i numeri sulle piante e sul suolo - Terra antica vita nova","og_description":"Alcune curiosit\u00e0 sulle piante e sul suolo: noi non possiamo vivere senza il mondo vegetale, ma loro vivrebbero senza di noi?","og_url":"https:\/\/terranticavitanova.it\/index.php\/2021\/02\/28\/diamo-in-numeri-sulle-piante-e-sul-suolo\/","og_site_name":"Terra antica vita nova","article_publisher":"https:\/\/www.facebook.com\/terranticavitanova.it","article_published_time":"2021-02-28T10:19:00+00:00","article_modified_time":"2025-03-07T18:05:44+00:00","og_image":[{"width":744,"height":736,"url":"https:\/\/terranticavitanova.it\/wp-content\/uploads\/2020\/12\/Immagine-102.jpg","type":"image\/jpeg"}],"author":"Terranticavitanova","twitter_card":"summary_large_image","twitter_misc":{"Scritto da":"Terranticavitanova","Tempo di lettura stimato":"7 minuti"},"schema":{"@context":"https:\/\/schema.org","@graph":[{"@type":"Article","@id":"https:\/\/terranticavitanova.it\/index.php\/2021\/02\/28\/diamo-in-numeri-sulle-piante-e-sul-suolo\/#article","isPartOf":{"@id":"https:\/\/terranticavitanova.it\/index.php\/2021\/02\/28\/diamo-in-numeri-sulle-piante-e-sul-suolo\/"},"author":{"name":"Terranticavitanova","@id":"https:\/\/terranticavitanova.it\/#\/schema\/person\/106605975cbb02bf5a14eb44e97985d8"},"headline":"AMBIENTE Diamo i numeri sulle piante e sul suolo","datePublished":"2021-02-28T10:19:00+00:00","dateModified":"2025-03-07T18:05:44+00:00","mainEntityOfPage":{"@id":"https:\/\/terranticavitanova.it\/index.php\/2021\/02\/28\/diamo-in-numeri-sulle-piante-e-sul-suolo\/"},"wordCount":1080,"publisher":{"@id":"https:\/\/terranticavitanova.it\/#organization"},"image":{"@id":"https:\/\/terranticavitanova.it\/index.php\/2021\/02\/28\/diamo-in-numeri-sulle-piante-e-sul-suolo\/#primaryimage"},"thumbnailUrl":"https:\/\/terranticavitanova.it\/wp-content\/uploads\/2020\/12\/Immagine-102.jpg","keywords":["coltivare biologico","emissioni anidride","mondo vegetale","piante","salinit\u00e0 del suolo","suolo degradato"],"articleSection":["Blog"],"inLanguage":"it-IT"},{"@type":"WebPage","@id":"https:\/\/terranticavitanova.it\/index.php\/2021\/02\/28\/diamo-in-numeri-sulle-piante-e-sul-suolo\/","url":"https:\/\/terranticavitanova.it\/index.php\/2021\/02\/28\/diamo-in-numeri-sulle-piante-e-sul-suolo\/","name":"AMBIENTE Diamo i numeri sulle piante e sul suolo - Terra antica vita nova","isPartOf":{"@id":"https:\/\/terranticavitanova.it\/#website"},"primaryImageOfPage":{"@id":"https:\/\/terranticavitanova.it\/index.php\/2021\/02\/28\/diamo-in-numeri-sulle-piante-e-sul-suolo\/#primaryimage"},"image":{"@id":"https:\/\/terranticavitanova.it\/index.php\/2021\/02\/28\/diamo-in-numeri-sulle-piante-e-sul-suolo\/#primaryimage"},"thumbnailUrl":"https:\/\/terranticavitanova.it\/wp-content\/uploads\/2020\/12\/Immagine-102.jpg","datePublished":"2021-02-28T10:19:00+00:00","dateModified":"2025-03-07T18:05:44+00:00","description":"Alcune curiosit\u00e0 sulle piante e sul suolo: noi non possiamo vivere senza il mondo vegetale, ma loro vivrebbero senza di noi?","breadcrumb":{"@id":"https:\/\/terranticavitanova.it\/index.php\/2021\/02\/28\/diamo-in-numeri-sulle-piante-e-sul-suolo\/#breadcrumb"},"inLanguage":"it-IT","potentialAction":[{"@type":"ReadAction","target":["https:\/\/terranticavitanova.it\/index.php\/2021\/02\/28\/diamo-in-numeri-sulle-piante-e-sul-suolo\/"]}]},{"@type":"ImageObject","inLanguage":"it-IT","@id":"https:\/\/terranticavitanova.it\/index.php\/2021\/02\/28\/diamo-in-numeri-sulle-piante-e-sul-suolo\/#primaryimage","url":"https:\/\/terranticavitanova.it\/wp-content\/uploads\/2020\/12\/Immagine-102.jpg","contentUrl":"https:\/\/terranticavitanova.it\/wp-content\/uploads\/2020\/12\/Immagine-102.jpg","width":744,"height":736},{"@type":"BreadcrumbList","@id":"https:\/\/terranticavitanova.it\/index.php\/2021\/02\/28\/diamo-in-numeri-sulle-piante-e-sul-suolo\/#breadcrumb","itemListElement":[{"@type":"ListItem","position":1,"name":"Home","item":"https:\/\/terranticavitanova.it\/"},{"@type":"ListItem","position":2,"name":"AMBIENTE Diamo i numeri sulle piante e sul suolo"}]},{"@type":"WebSite","@id":"https:\/\/terranticavitanova.it\/#website","url":"https:\/\/terranticavitanova.it\/","name":"Terra antica vita nova","description":"Coltiviamo l&#039;hobby di coltivare","publisher":{"@id":"https:\/\/terranticavitanova.it\/#organization"},"potentialAction":[{"@type":"SearchAction","target":{"@type":"EntryPoint","urlTemplate":"https:\/\/terranticavitanova.it\/?s={search_term_string}"},"query-input":{"@type":"PropertyValueSpecification","valueRequired":true,"valueName":"search_term_string"}}],"inLanguage":"it-IT"},{"@type":"Organization","@id":"https:\/\/terranticavitanova.it\/#organization","name":"Terranticavitanova","url":"https:\/\/terranticavitanova.it\/","logo":{"@type":"ImageObject","inLanguage":"it-IT","@id":"https:\/\/terranticavitanova.it\/#\/schema\/logo\/image\/","url":"https:\/\/terranticavitanova.it\/wp-content\/uploads\/2018\/08\/logo.png","contentUrl":"https:\/\/terranticavitanova.it\/wp-content\/uploads\/2018\/08\/logo.png","width":300,"height":500,"caption":"Terranticavitanova"},"image":{"@id":"https:\/\/terranticavitanova.it\/#\/schema\/logo\/image\/"},"sameAs":["https:\/\/www.facebook.com\/terranticavitanova.it"]},{"@type":"Person","@id":"https:\/\/terranticavitanova.it\/#\/schema\/person\/106605975cbb02bf5a14eb44e97985d8","name":"Terranticavitanova","image":{"@type":"ImageObject","inLanguage":"it-IT","@id":"https:\/\/secure.gravatar.com\/avatar\/4c2992627de891b364b571da15291b5fe5eb87a238c0d23b3b3483fd99bfac9a?s=96&d=mm&r=g","url":"https:\/\/secure.gravatar.com\/avatar\/4c2992627de891b364b571da15291b5fe5eb87a238c0d23b3b3483fd99bfac9a?s=96&d=mm&r=g","contentUrl":"https:\/\/secure.gravatar.com\/avatar\/4c2992627de891b364b571da15291b5fe5eb87a238c0d23b3b3483fd99bfac9a?s=96&d=mm&r=g","caption":"Terranticavitanova"},"url":"https:\/\/terranticavitanova.it\/index.php\/author\/teoelara\/"}]}},"_links":{"self":[{"href":"https:\/\/terranticavitanova.it\/index.php\/wp-json\/wp\/v2\/posts\/21045","targetHints":{"allow":["GET"]}}],"collection":[{"href":"https:\/\/terranticavitanova.it\/index.php\/wp-json\/wp\/v2\/posts"}],"about":[{"href":"https:\/\/terranticavitanova.it\/index.php\/wp-json\/wp\/v2\/types\/post"}],"author":[{"embeddable":true,"href":"https:\/\/terranticavitanova.it\/index.php\/wp-json\/wp\/v2\/users\/2"}],"replies":[{"embeddable":true,"href":"https:\/\/terranticavitanova.it\/index.php\/wp-json\/wp\/v2\/comments?post=21045"}],"version-history":[{"count":65,"href":"https:\/\/terranticavitanova.it\/index.php\/wp-json\/wp\/v2\/posts\/21045\/revisions"}],"predecessor-version":[{"id":34447,"href":"https:\/\/terranticavitanova.it\/index.php\/wp-json\/wp\/v2\/posts\/21045\/revisions\/34447"}],"wp:featuredmedia":[{"embeddable":true,"href":"https:\/\/terranticavitanova.it\/index.php\/wp-json\/wp\/v2\/media\/22592"}],"wp:attachment":[{"href":"https:\/\/terranticavitanova.it\/index.php\/wp-json\/wp\/v2\/media?parent=21045"}],"wp:term":[{"taxonomy":"category","embeddable":true,"href":"https:\/\/terranticavitanova.it\/index.php\/wp-json\/wp\/v2\/categories?post=21045"},{"taxonomy":"post_tag","embeddable":true,"href":"https:\/\/terranticavitanova.it\/index.php\/wp-json\/wp\/v2\/tags?post=21045"}],"curies":[{"name":"wp","href":"https:\/\/api.w.org\/{rel}","templated":true}]}}